{"id":7642,"date":"2025-11-21T10:16:28","date_gmt":"2025-11-21T09:16:28","guid":{"rendered":"https:\/\/www.cislscuolasassari.it\/?p=7642"},"modified":"2025-11-21T10:16:28","modified_gmt":"2025-11-21T09:16:28","slug":"assemblea-sindacale-regionale","status":"publish","type":"post","link":"https:\/\/www.cislscuolasassari.it\/?p=7642","title":{"rendered":"Assemblea sindacale regionale"},"content":{"rendered":"\n<p>Assemblea sindacale regionale, organizzata dalla Cisl Scuola Sardegna, che si terr\u00e0 il giorno 24\/11\/2025 dalle ore 8:30 alle ore 11:30, in modalit\u00e0 onlne, mediante la piattaforma ZOOM.<\/p>\n\n\n\n<p>L&#8217;assemblea \u00e8 rivolta a tutto il personale scolastico, DOCENTI E ATA.<\/p>\n\n\n\n<p>Il link per il collegamento verr\u00e0 inviato successivamente.<\/p>\n\n\n\n<figure class=\"wp-block-image size-large\"><a href=\"https:\/\/www.cislscuolasassari.it\/wp-content\/LOCANDINA-ASSEMBLEA-REGIONALE-24.11.25.jpg\"><img loading=\"lazy\" decoding=\"async\" width=\"687\" height=\"1024\" src=\"https:\/\/www.cislscuolasassari.it\/wp-content\/LOCANDINA-ASSEMBLEA-REGIONALE-24.11.25-687x1024.jpg\" alt=\"\" class=\"wp-image-7643\" srcset=\"https:\/\/www.cislscuolasassari.it\/wp-content\/LOCANDINA-ASSEMBLEA-REGIONALE-24.11.25-687x1024.jpg 687w, https:\/\/www.cislscuolasassari.it\/wp-content\/LOCANDINA-ASSEMBLEA-REGIONALE-24.11.25-201x300.jpg 201w, https:\/\/www.cislscuolasassari.it\/wp-content\/LOCANDINA-ASSEMBLEA-REGIONALE-24.11.25-768x1144.jpg 768w, https:\/\/www.cislscuolasassari.it\/wp-content\/LOCANDINA-ASSEMBLEA-REGIONALE-24.11.25-1031x1536.jpg 1031w, https:\/\/www.cislscuolasassari.it\/wp-content\/LOCANDINA-ASSEMBLEA-REGIONALE-24.11.25.jpg 1074w\" sizes=\"(max-width: 687px) 100vw, 687px\" \/><\/a><\/figure>\n","protected":false},"excerpt":{"rendered":"<p>Assemblea sindacale regionale, organizzata dalla Cisl Scuola Sardegna, che si terr\u00e0 il giorno 24\/11\/2025 dalle ore 8:30 alle ore 11:30, in modalit\u00e0 onlne, mediante la piattaforma ZOOM. L&#8217;assemblea \u00e8 rivolta a tutto il personale scolastico, DOCENTI E ATA. Il link per il collegamento verr\u00e0 inviato successivamente.<\/p>\n","protected":false},"author":2,"featured_media":0,"comment_status":"closed","ping_status":"open","sticky":true,"template":"","format":"standard","meta":{"footnotes":""},"categories":[49,53,55,52,50,51,1,54,56],"tags":[],"_links":{"self":[{"href":"https:\/\/www.cislscuolasassari.it\/index.php?rest_route=\/wp\/v2\/posts\/7642"}],"collection":[{"href":"https:\/\/www.cislscuolasassari.it\/index.php?rest_route=\/wp\/v2\/posts"}],"about":[{"href":"https:\/\/www.cislscuolasassari.it\/index.php?rest_route=\/wp\/v2\/types\/post"}],"author":[{"embeddable":true,"href":"https:\/\/www.cislscuolasassari.it\/index.php?rest_route=\/wp\/v2\/users\/2"}],"replies":[{"embeddable":true,"href":"https:\/\/www.cislscuolasassari.it\/index.php?rest_route=%2Fwp%2Fv2%2Fcomments&post=7642"}],"version-history":[{"count":1,"href":"https:\/\/www.cislscuolasassari.it\/index.php?rest_route=\/wp\/v2\/posts\/7642\/revisions"}],"predecessor-version":[{"id":7644,"href":"https:\/\/www.cislscuolasassari.it\/index.php?rest_route=\/wp\/v2\/posts\/7642\/revisions\/7644"}],"wp:attachment":[{"href":"https:\/\/www.cislscuolasassari.it\/index.php?rest_route=%2Fwp%2Fv2%2Fmedia&parent=7642"}],"wp:term":[{"taxonomy":"category","embeddable":true,"href":"https:\/\/www.cislscuolasassari.it\/index.php?rest_route=%2Fwp%2Fv2%2Fcategories&post=7642"},{"taxonomy":"post_tag","embeddable":true,"href":"https:\/\/www.cislscuolasassari.it\/index.php?rest_route=%2Fwp%2Fv2%2Ftags&post=7642"}],"curies":[{"name":"wp","href":"https:\/\/api.w.org\/{rel}","templated":true}]}}